[{"@context":"https:\/\/schema.org\/","@type":"Blog","@id":"https:\/\/www.decus.sk#Blog","headline":"Decus","description":"\nLast minute z\u00e1jazdy k\u00fapite aj v dovolenkovej sez\u00f3ne a pracova\u0165 sa d\u00e1 aj z domu. N\u00e1\u0161 webov\u00fd magaz\u00edn v\u00e1s v\u010faka dobr\u00fdm rad\u00e1m, vyvedie z ka\u017ed\u00e9ho omylu.","url":"https:\/\/www.decus.sk","hasPart":[{"@type":"Article","@id":"https:\/\/www.decus.sk\/dajte-aj-vy-navzdy-zbohom-nespavosti\/","headline":"Dajte aj vy nav\u017edy zbohom nespavosti!","url":"https:\/\/www.decus.sk\/dajte-aj-vy-navzdy-zbohom-nespavosti\/","datePublished":"2020-05-11","dateModified":"2023-04-28","mainEntityOfPage":"https:\/\/www.decus.sk\/dajte-aj-vy-navzdy-zbohom-nespavosti\/","author":{"@type":"Person","@id":"https:\/\/www.decus.sk\/author\/#Person","name":"","url":"https:\/\/www.decus.sk\/author\/","identifier":1,"image":{"@type":"ImageObject","@id":"https:\/\/secure.gravatar.com\/avatar\/188853cc08cfc4af3f5ef42e51d7aa754653be0300e41daf30a10471d44d4592?s=96&d=mm&r=g","url":"https:\/\/secure.gravatar.com\/avatar\/188853cc08cfc4af3f5ef42e51d7aa754653be0300e41daf30a10471d44d4592?s=96&d=mm&r=g","height":96,"width":96}},"publisher":{"@type":"Organization","name":"decus.sk","logo":{"@type":"ImageObject","@id":"\/logo.png","url":"\/logo.png","width":600,"height":60}},"image":{"@type":"ImageObject","@id":"https:\/\/www.decus.sk\/wp-content\/uploads\/5b6979bd1982d823008b4c1e_1.jpg","url":"https:\/\/www.decus.sk\/wp-content\/uploads\/5b6979bd1982d823008b4c1e_1.jpg","height":0,"width":0},"wordCount":556,"keywords":null},{"@type":"Article","@id":"https:\/\/www.decus.sk\/danske-kralovstvo\/","headline":"D\u00e1nske kr\u00e1\u013eovstvo","url":"https:\/\/www.decus.sk\/danske-kralovstvo\/","datePublished":"2019-11-12","dateModified":"2023-04-28","mainEntityOfPage":"https:\/\/www.decus.sk\/danske-kralovstvo\/","author":{"@type":"Person","@id":"https:\/\/www.decus.sk\/author\/#Person","name":"","url":"https:\/\/www.decus.sk\/author\/","identifier":1,"image":{"@type":"ImageObject","@id":"https:\/\/secure.gravatar.com\/avatar\/188853cc08cfc4af3f5ef42e51d7aa754653be0300e41daf30a10471d44d4592?s=96&d=mm&r=g","url":"https:\/\/secure.gravatar.com\/avatar\/188853cc08cfc4af3f5ef42e51d7aa754653be0300e41daf30a10471d44d4592?s=96&d=mm&r=g","height":96,"width":96}},"publisher":{"@type":"Organization","name":"decus.sk","logo":{"@type":"ImageObject","@id":"\/logo.png","url":"\/logo.png","width":600,"height":60}},"image":{"@type":"ImageObject","@id":"https:\/\/www.decus.sk\/wp-content\/uploads\/img_a302501_w16776_t1561538775.jpg","url":"https:\/\/www.decus.sk\/wp-content\/uploads\/img_a302501_w16776_t1561538775.jpg","height":0,"width":0},"wordCount":529,"keywords":null},{"@type":"Article","@id":"https:\/\/www.decus.sk\/s-elektromobilom-az-1000-km-bez-nabijania\/","headline":"S elektromobilom a\u017e 1000 km bez nab\u00edjania?","url":"https:\/\/www.decus.sk\/s-elektromobilom-az-1000-km-bez-nabijania\/","datePublished":"2019-07-05","dateModified":"2023-04-28","mainEntityOfPage":"https:\/\/www.decus.sk\/s-elektromobilom-az-1000-km-bez-nabijania\/","author":{"@type":"Person","@id":"https:\/\/www.decus.sk\/author\/#Person","name":"","url":"https:\/\/www.decus.sk\/author\/","identifier":1,"image":{"@type":"ImageObject","@id":"https:\/\/secure.gravatar.com\/avatar\/188853cc08cfc4af3f5ef42e51d7aa754653be0300e41daf30a10471d44d4592?s=96&d=mm&r=g","url":"https:\/\/secure.gravatar.com\/avatar\/188853cc08cfc4af3f5ef42e51d7aa754653be0300e41daf30a10471d44d4592?s=96&d=mm&r=g","height":96,"width":96}},"publisher":{"@type":"Organization","name":"decus.sk","logo":{"@type":"ImageObject","@id":"\/logo.png","url":"\/logo.png","width":600,"height":60}},"image":{"@type":"ImageObject","@id":"https:\/\/www.decus.sk\/wp-content\/uploads\/img_a303536_w16524_t1564161827.jpg","url":"https:\/\/www.decus.sk\/wp-content\/uploads\/img_a303536_w16524_t1564161827.jpg","height":0,"width":0},"wordCount":465,"keywords":null},{"@type":"Article","@id":"https:\/\/www.decus.sk\/aj-deti-potrebuju-svoj-priestor\/","headline":"Aj deti potrebuj\u00fa svoj priestor","url":"https:\/\/www.decus.sk\/aj-deti-potrebuju-svoj-priestor\/","datePublished":"2019-04-10","dateModified":"2023-04-28","mainEntityOfPage":"https:\/\/www.decus.sk\/aj-deti-potrebuju-svoj-priestor\/","author":{"@type":"Person","@id":"https:\/\/www.decus.sk\/author\/#Person","name":"","url":"https:\/\/www.decus.sk\/author\/","identifier":1,"image":{"@type":"ImageObject","@id":"https:\/\/secure.gravatar.com\/avatar\/188853cc08cfc4af3f5ef42e51d7aa754653be0300e41daf30a10471d44d4592?s=96&d=mm&r=g","url":"https:\/\/secure.gravatar.com\/avatar\/188853cc08cfc4af3f5ef42e51d7aa754653be0300e41daf30a10471d44d4592?s=96&d=mm&r=g","height":96,"width":96}},"publisher":{"@type":"Organization","name":"decus.sk","logo":{"@type":"ImageObject","@id":"\/logo.png","url":"\/logo.png","width":600,"height":60}},"image":{"@type":"ImageObject","@id":"https:\/\/www.decus.sk\/wp-content\/uploads\/img_a300014_w16524_t1556443715.jpg","url":"https:\/\/www.decus.sk\/wp-content\/uploads\/img_a300014_w16524_t1556443715.jpg","height":0,"width":0},"wordCount":541,"keywords":null},{"@type":"Article","@id":"https:\/\/www.decus.sk\/vysnivana-postava-vysnivany-zivot\/","headline":"Vysn\u00edvan\u00e1 postava, vysn\u00edvan\u00fd \u017eivot","url":"https:\/\/www.decus.sk\/vysnivana-postava-vysnivany-zivot\/","datePublished":"2019-01-13","dateModified":"2019-01-13","mainEntityOfPage":"https:\/\/www.decus.sk\/vysnivana-postava-vysnivany-zivot\/","author":{"@type":"Person","@id":"https:\/\/www.decus.sk\/author\/#Person","name":"","url":"https:\/\/www.decus.sk\/author\/","identifier":1,"image":{"@type":"ImageObject","@id":"https:\/\/secure.gravatar.com\/avatar\/188853cc08cfc4af3f5ef42e51d7aa754653be0300e41daf30a10471d44d4592?s=96&d=mm&r=g","url":"https:\/\/secure.gravatar.com\/avatar\/188853cc08cfc4af3f5ef42e51d7aa754653be0300e41daf30a10471d44d4592?s=96&d=mm&r=g","height":96,"width":96}},"publisher":{"@type":"Organization","name":"decus.sk","logo":{"@type":"ImageObject","@id":"\/logo.png","url":"\/logo.png","width":600,"height":60}},"image":{"@type":"ImageObject","@id":"https:\/\/www.decus.sk\/wp-content\/uploads\/img_a296291_w16686_t1549012933.jpg","url":"https:\/\/www.decus.sk\/wp-content\/uploads\/img_a296291_w16686_t1549012933.jpg","height":0,"width":0},"wordCount":511,"keywords":null},{"@type":"Article","@id":"https:\/\/www.decus.sk\/spravny-pocitac-do-domacnosti\/","headline":"Spr\u00e1vny po\u010d\u00edta\u010d do dom\u00e1cnosti?","url":"https:\/\/www.decus.sk\/spravny-pocitac-do-domacnosti\/","datePublished":"2018-11-08","dateModified":"2018-11-08","mainEntityOfPage":"https:\/\/www.decus.sk\/spravny-pocitac-do-domacnosti\/","author":{"@type":"Person","@id":"https:\/\/www.decus.sk\/author\/#Person","name":"","url":"https:\/\/www.decus.sk\/author\/","identifier":1,"image":{"@type":"ImageObject","@id":"https:\/\/secure.gravatar.com\/avatar\/188853cc08cfc4af3f5ef42e51d7aa754653be0300e41daf30a10471d44d4592?s=96&d=mm&r=g","url":"https:\/\/secure.gravatar.com\/avatar\/188853cc08cfc4af3f5ef42e51d7aa754653be0300e41daf30a10471d44d4592?s=96&d=mm&r=g","height":96,"width":96}},"publisher":{"@type":"Organization","name":"decus.sk","logo":{"@type":"ImageObject","@id":"\/logo.png","url":"\/logo.png","width":600,"height":60}},"image":{"@type":"ImageObject","@id":"https:\/\/www.decus.sk\/wp-content\/uploads\/img_a295418_w2028_t1546969544.jpg","url":"https:\/\/www.decus.sk\/wp-content\/uploads\/img_a295418_w2028_t1546969544.jpg","height":0,"width":0},"wordCount":487,"keywords":null},{"@type":"Article","@id":"https:\/\/www.decus.sk\/skinheadi-nenavidiaci-rasizmus-a-punkeri-proti-anarchii-coze\/","headline":"Skinheadi nen\u00e1vidiaci rasizmus a punkeri proti anarchii. \u010co\u017ee?","url":"https:\/\/www.decus.sk\/skinheadi-nenavidiaci-rasizmus-a-punkeri-proti-anarchii-coze\/","datePublished":"2018-10-18","dateModified":"2018-10-18","mainEntityOfPage":"https:\/\/www.decus.sk\/skinheadi-nenavidiaci-rasizmus-a-punkeri-proti-anarchii-coze\/","author":{"@type":"Person","@id":"https:\/\/www.decus.sk\/author\/#Person","name":"","url":"https:\/\/www.decus.sk\/author\/","identifier":1,"image":{"@type":"ImageObject","@id":"https:\/\/secure.gravatar.com\/avatar\/188853cc08cfc4af3f5ef42e51d7aa754653be0300e41daf30a10471d44d4592?s=96&d=mm&r=g","url":"https:\/\/secure.gravatar.com\/avatar\/188853cc08cfc4af3f5ef42e51d7aa754653be0300e41daf30a10471d44d4592?s=96&d=mm&r=g","height":96,"width":96}},"publisher":{"@type":"Organization","name":"decus.sk","logo":{"@type":"ImageObject","@id":"\/logo.png","url":"\/logo.png","width":600,"height":60}},"image":{"@type":"ImageObject","@id":"https:\/\/www.decus.sk\/wp-content\/uploads\/img_a292265_w2028_t1539956003.jpg","url":"https:\/\/www.decus.sk\/wp-content\/uploads\/img_a292265_w2028_t1539956003.jpg","height":0,"width":0},"wordCount":506,"keywords":null},{"@type":"Article","@id":"https:\/\/www.decus.sk\/ste-milovnici-zvierat-tieto-tipy-na-dovolenku-si-nenechajte-ujst\/","headline":"Ste milovn\u00edci zvierat? Tieto tipy na dovolenku si nenechajte ujs\u0165!","url":"https:\/\/www.decus.sk\/ste-milovnici-zvierat-tieto-tipy-na-dovolenku-si-nenechajte-ujst\/","datePublished":"2018-09-11","dateModified":"2023-04-28","mainEntityOfPage":"https:\/\/www.decus.sk\/ste-milovnici-zvierat-tieto-tipy-na-dovolenku-si-nenechajte-ujst\/","author":{"@type":"Person","@id":"https:\/\/www.decus.sk\/author\/#Person","name":"","url":"https:\/\/www.decus.sk\/author\/","identifier":1,"image":{"@type":"ImageObject","@id":"https:\/\/secure.gravatar.com\/avatar\/188853cc08cfc4af3f5ef42e51d7aa754653be0300e41daf30a10471d44d4592?s=96&d=mm&r=g","url":"https:\/\/secure.gravatar.com\/avatar\/188853cc08cfc4af3f5ef42e51d7aa754653be0300e41daf30a10471d44d4592?s=96&d=mm&r=g","height":96,"width":96}},"publisher":{"@type":"Organization","name":"decus.sk","logo":{"@type":"ImageObject","@id":"\/logo.png","url":"\/logo.png","width":600,"height":60}},"image":{"@type":"ImageObject","@id":"https:\/\/www.decus.sk\/wp-content\/uploads\/img_a293147_w16519_t1541951879.jpg","url":"https:\/\/www.decus.sk\/wp-content\/uploads\/img_a293147_w16519_t1541951879.jpg","height":0,"width":0},"wordCount":581,"keywords":null},{"@type":"Article","@id":"https:\/\/www.decus.sk\/neexistuje-rada-ako-ziskat-milion-ale-existuje-cesta-ako-byt-uspesnym\/","headline":"Neexistuje rada ako z\u00edska\u0165 mili\u00f3n, ale existuje cesta, ako by\u0165 \u00faspe\u0161n\u00fdm","url":"https:\/\/www.decus.sk\/neexistuje-rada-ako-ziskat-milion-ale-existuje-cesta-ako-byt-uspesnym\/","datePublished":"2018-08-11","dateModified":"2018-08-11","mainEntityOfPage":"https:\/\/www.decus.sk\/neexistuje-rada-ako-ziskat-milion-ale-existuje-cesta-ako-byt-uspesnym\/","author":{"@type":"Person","@id":"https:\/\/www.decus.sk\/author\/#Person","name":"","url":"https:\/\/www.decus.sk\/author\/","identifier":1,"image":{"@type":"ImageObject","@id":"https:\/\/secure.gravatar.com\/avatar\/188853cc08cfc4af3f5ef42e51d7aa754653be0300e41daf30a10471d44d4592?s=96&d=mm&r=g","url":"https:\/\/secure.gravatar.com\/avatar\/188853cc08cfc4af3f5ef42e51d7aa754653be0300e41daf30a10471d44d4592?s=96&d=mm&r=g","height":96,"width":96}},"publisher":{"@type":"Organization","name":"decus.sk","logo":{"@type":"ImageObject","@id":"\/logo.png","url":"\/logo.png","width":600,"height":60}},"image":{"@type":"ImageObject","@id":"https:\/\/www.decus.sk\/wp-content\/uploads\/img_a290606_w2032_t1535565566.jpg","url":"https:\/\/www.decus.sk\/wp-content\/uploads\/img_a290606_w2032_t1535565566.jpg","height":0,"width":0},"wordCount":474,"keywords":null},{"@type":"Article","@id":"https:\/\/www.decus.sk\/7-potravin-bohatych-na-bielkoviny-s-vynimkou-masa-a-mlieka\/","headline":"7 potrav\u00edn bohat\u00fdch na bielkoviny, s v\u00fdnimkou m\u00e4sa a mlieka","url":"https:\/\/www.decus.sk\/7-potravin-bohatych-na-bielkoviny-s-vynimkou-masa-a-mlieka\/","datePublished":"2018-04-27","dateModified":"2023-04-28","mainEntityOfPage":"https:\/\/www.decus.sk\/7-potravin-bohatych-na-bielkoviny-s-vynimkou-masa-a-mlieka\/","author":{"@type":"Person","@id":"https:\/\/www.decus.sk\/author\/#Person","name":"","url":"https:\/\/www.decus.sk\/author\/","identifier":1,"image":{"@type":"ImageObject","@id":"https:\/\/secure.gravatar.com\/avatar\/188853cc08cfc4af3f5ef42e51d7aa754653be0300e41daf30a10471d44d4592?s=96&d=mm&r=g","url":"https:\/\/secure.gravatar.com\/avatar\/188853cc08cfc4af3f5ef42e51d7aa754653be0300e41daf30a10471d44d4592?s=96&d=mm&r=g","height":96,"width":96}},"publisher":{"@type":"Organization","name":"decus.sk","logo":{"@type":"ImageObject","@id":"\/logo.png","url":"\/logo.png","width":600,"height":60}},"image":{"@type":"ImageObject","@id":"https:\/\/www.decus.sk\/wp-content\/uploads\/img_a289062_w2016_t1530110543.jpg","url":"https:\/\/www.decus.sk\/wp-content\/uploads\/img_a289062_w2016_t1530110543.jpg","height":0,"width":0},"wordCount":503,"keywords":null}]},{"@context":"https:\/\/schema.org","@type":"WebSite","@id":"https:\/\/www.decus.sk\/#website","name":"Decus","url":"https:\/\/www.decus.sk","potentialAction":{"@type":"SearchAction","target":"https:\/\/www.decus.sk\/?s={search_term_string}","query-input":"required name=search_term_string"}}]