[{"@context":"https:\/\/schema.org\/","@type":"Article","@id":"https:\/\/www.decus.sk\/skinheadi-nenavidiaci-rasizmus-a-punkeri-proti-anarchii-coze\/#Article","mainEntityOfPage":"https:\/\/www.decus.sk\/skinheadi-nenavidiaci-rasizmus-a-punkeri-proti-anarchii-coze\/","headline":"Skinheadi nen\u00e1vidiaci rasizmus a punkeri proti anarchii. \u010co\u017ee?","name":"Skinheadi nen\u00e1vidiaci rasizmus a punkeri proti anarchii. \u010co\u017ee?","description":"Ak ste sa cel\u00fd \u017eivot radili sk\u00f4r k mainstreamu a nepri\u0165ahovalo v\u00e1s spozna\u0165 n\u00e1zore \u010di postoje subkult\u00far, pravdepodobne si i vy dodnes mysl\u00edte, \u017ee prvotn\u00fdm a vlastne prioritn\u00fdm znakom skinheads&hellip;","datePublished":"2018-10-18","dateModified":"2018-10-18","author":{"@type":"Person","@id":"https:\/\/www.decus.sk\/author\/#Person","name":"","url":"https:\/\/www.decus.sk\/author\/","identifier":1,"image":{"@type":"ImageObject","@id":"https:\/\/secure.gravatar.com\/avatar\/188853cc08cfc4af3f5ef42e51d7aa754653be0300e41daf30a10471d44d4592?s=96&d=mm&r=g","url":"https:\/\/secure.gravatar.com\/avatar\/188853cc08cfc4af3f5ef42e51d7aa754653be0300e41daf30a10471d44d4592?s=96&d=mm&r=g","height":96,"width":96}},"publisher":{"@type":"Organization","name":"decus.sk","logo":{"@type":"ImageObject","@id":"\/logo.png","url":"\/logo.png","width":600,"height":60}},"image":{"@type":"ImageObject","@id":"https:\/\/www.decus.sk\/wp-content\/uploads\/img_a292265_w2028_t1539956003.jpg","url":"https:\/\/www.decus.sk\/wp-content\/uploads\/img_a292265_w2028_t1539956003.jpg","height":0,"width":0},"url":"https:\/\/www.decus.sk\/skinheadi-nenavidiaci-rasizmus-a-punkeri-proti-anarchii-coze\/","wordCount":416,"articleBody":" Ak ste sa cel\u00fd \u017eivot radili sk\u00f4r k mainstreamu a nepri\u0165ahovalo v\u00e1s spozna\u0165 n\u00e1zore \u010di postoje subkult\u00far, pravdepodobne si i vy dodnes mysl\u00edte, \u017ee prvotn\u00fdm a vlastne prioritn\u00fdm znakom skinheads bol rasizmus a sympatie k tretej r\u00ed\u0161i. No dovo\u013ete mi poznamena\u0165, \u017ee zrejme v\u00e4\u010d\u0161ina spolo\u010dnosti je na omyle. Ja viem, dnes sa na z\u00e1klade m\u00e9di\u00ed a dne\u0161n\u00fdch mlad\u00fdch, &#8222;modern\u00fdch&#8220; skins stretneme sk\u00f4r s rasistami a neonacistami, ale toto hnutie predstavuje jeden obrovsk\u00fd paradox . Z toho ist\u00e9ho poh\u013eadu sa stret\u00e1vame i s opa\u010dn\u00fdm za\u0161katu\u013ekovan\u00edm, \u017ee prav\u00ed punkeri s\u00fa radik\u00e1lnymi \u013eavicov\u00fdmi pr\u00edvr\u017eencami, teda anarchistami a ve\u010dn\u00fdmi bojovn\u00edkmi vo\u010di skinheads, ako s tvrden\u00edm, \u017ee fetuj\u00fa, kradn\u00fa a \u017eij\u00fa v \u0161pine. Z rovnak\u00e9ho poh\u013eadu m\u00e9di\u00ed a dne\u0161n\u00fdch &#8222;modern\u00fdch&#8220; punks to tak vyzer\u00e1, no op\u00e4\u0165 sa stret\u00e1vame s obrovsk\u00fdm paradoxom. Ak sa do t\u00fdchto oboch subkult\u00far pozrieme do h\u013abky, n\u00e1jdeme SHARP (Skinheads Against Racial Prejudice), \u010di\u017ee skinheadov proti rasov\u00fdm predsudkom a na opa\u010dnej strane HATE punkerov. HATE (nen\u00e1vistn\u00fd) punk mal relat\u00edvny i ke\u010f mal\u00fd vplyv dokonca i v susedn\u00fdch \u010cech\u00e1ch a to predov\u0161etk\u00fdm kr\u00e1tko pred a po rozpade komunizmu. Raritou je \u010desk\u00e1 punkov\u00e1 kapela z roku 1992 s n\u00e1zvom Celkov\u00e1 Impotence. T\u00e1to kapela, ako aj fan\u00fa\u0161ika HATE punku sa v\u00fdrazne di\u0161tancuj\u00fa od stereotypu, \u017ee punkeri s\u00fa anarchistami. Svojimi textami a hudbou d\u00e1vaj\u00fa poc\u00edti\u0165, \u017ee s\u00fa proti imigr\u00e1cii, drog\u00e1m, \u0161pine a niekedy si neodpustia rasov\u00e9 ur\u00e1\u017eky. Svoj postoj pova\u017euj\u00fa sk\u00f4r za vlasteneck\u00fd. S vlastenectvom a odporom vo\u010di komunizmu, anarchistom, drog\u00e1m, kriminalite,&#8230; sa m\u00f4\u017eeme v pr\u00edpade HATE punku stretn\u00fa\u0165 takmer pravidelne a to najm\u00e4 v textoch kapely Celkov\u00e1 Impotence. HATE punkeri spravidla nenosia dlh\u00e9 \u010d\u00edro, ale typick\u00fdm je \u010d\u00edro kr\u00e1tkeho zostrihu. Imid\u017e m\u00e1 sk\u00f4r militantn\u00fd v\u00fdzor, podobne ako u skinheads, \u010di\u017ee predov\u0161etk\u00fdm bomber a \u0165a\u017ek\u00e1 obuv s bielymi \u0161n\u00farkami, \u010do m\u00e1 signalizova\u0165, \u017ee nie s\u00fa z vrstvy mierulovn\u00fdch &#8222;hippie&#8220; punks, ale \u017ee nemaj\u00fa probl\u00e9m pou\u017ei\u0165 n\u00e1silie. Toto hnutie sa v \u010cech\u00e1ch za\u010d\u00edna po takmer 30-tich rokoch preb\u00fadza\u0165 op\u00e4\u0165 a dnes na \u010deskej sc\u00e9ne m\u00f4\u017eeme n\u00e1js\u0165 kapely podobn\u00e9ho zamerania.                                                                                                                                                                                                                                                                                                                                                                                        4.7\/5 - (3 votes)        "},{"@context":"https:\/\/schema.org\/","@type":"BreadcrumbList","itemListElement":[{"@type":"ListItem","position":1,"name":"Skinheadi nen\u00e1vidiaci rasizmus a punkeri proti anarchii. \u010co\u017ee?","item":"https:\/\/www.decus.sk\/skinheadi-nenavidiaci-rasizmus-a-punkeri-proti-anarchii-coze\/#breadcrumbitem"}]}]