[{"@context":"https:\/\/schema.org\/","@type":"Article","@id":"https:\/\/www.decus.sk\/vysnivana-postava-vysnivany-zivot\/#Article","mainEntityOfPage":"https:\/\/www.decus.sk\/vysnivana-postava-vysnivany-zivot\/","headline":"Vysn\u00edvan\u00e1 postava, vysn\u00edvan\u00fd \u017eivot","name":"Vysn\u00edvan\u00e1 postava, vysn\u00edvan\u00fd \u017eivot","description":"Mlad\u00e9 diev\u010dat\u00e1 \u010dasto sn\u00edvaj\u00fa o kari\u00e9re modelky \u010di spev\u00e1\u010dky. Sp\u00e1jaj\u00fa svoj \u017eivot s pocitom vonkaj\u0161ej kr\u00e1sy. Maj\u00fa pocit, \u017ee toto je najd\u00f4le\u017eitej\u0161ie. Ale \u010do je kr\u00e1sne ? Jedn\u00e9mu sa p\u00e1\u010dia&hellip;","datePublished":"2019-01-13","dateModified":"2019-01-13","author":{"@type":"Person","@id":"https:\/\/www.decus.sk\/author\/#Person","name":"","url":"https:\/\/www.decus.sk\/author\/","identifier":1,"image":{"@type":"ImageObject","@id":"https:\/\/secure.gravatar.com\/avatar\/188853cc08cfc4af3f5ef42e51d7aa754653be0300e41daf30a10471d44d4592?s=96&d=mm&r=g","url":"https:\/\/secure.gravatar.com\/avatar\/188853cc08cfc4af3f5ef42e51d7aa754653be0300e41daf30a10471d44d4592?s=96&d=mm&r=g","height":96,"width":96}},"publisher":{"@type":"Organization","name":"decus.sk","logo":{"@type":"ImageObject","@id":"\/logo.png","url":"\/logo.png","width":600,"height":60}},"image":{"@type":"ImageObject","@id":"https:\/\/www.decus.sk\/wp-content\/uploads\/img_a296291_w16686_t1549012933.jpg","url":"https:\/\/www.decus.sk\/wp-content\/uploads\/img_a296291_w16686_t1549012933.jpg","height":0,"width":0},"url":"https:\/\/www.decus.sk\/vysnivana-postava-vysnivany-zivot\/","wordCount":423,"articleBody":" Mlad\u00e9 diev\u010dat\u00e1 \u010dasto sn\u00edvaj\u00fa o kari\u00e9re modelky \u010di spev\u00e1\u010dky. Sp\u00e1jaj\u00fa svoj \u017eivot s pocitom vonkaj\u0161ej kr\u00e1sy. Maj\u00fa pocit, \u017ee toto je najd\u00f4le\u017eitej\u0161ie. Ale \u010do je kr\u00e1sne ? Jedn\u00e9mu sa p\u00e1\u010dia \u0161t\u00edhle blond\u00ednky, in\u00e9mu buc\u013eat\u00e9 brunetky. Niet univerz\u00e1lneho poh\u013eadu na kr\u00e1su. A je to tak dobre, V r\u00f4znorodosti a inakosti je predsa kr\u00e1sa. Viete si predstavi\u0165 svet, v ktorom by sa v\u0161etci podobali na Barbie a Kena. Hr\u00f4za \u010do i len pomyslie\u0165. A predsa s\u00fa pre niekoho pr\u00e1ve tieto postavy symbolom dokonalosti a to a\u017e takej, \u017ee sa odhodlaj\u00fa podst\u00fapi\u0165 mno\u017estvo plastick\u00fdch oper\u00e1cii ved\u00facich k zmene zjavu k obrazu on\u00fdch idolov kr\u00e1sy. Kr\u00e1sa ale je v nie\u010dom \u00faplne inom. Dnes u\u017e viem, \u017ee kr\u00e1sny \u010dlovek nie je ten n\u00e1dherne oble\u010den\u00fd, vysok\u00fd, \u0161t\u00edhly. Dnes u\u017e viem. \u017de kr\u00e1sne m\u00f4\u017ee na m\u0148a p\u00f4sobi\u0165 ple\u0161at\u00fd plno\u0161t\u00edhly p\u00e1n. Alebo vesel\u00e1 gu\u013e\u00f4\u010dka- moja priate\u013eka, na ktor\u00fa sa m\u00f4\u017eem vo dne aj v noci spo\u013eahn\u00fa\u0165 a ktor\u00e1 je v\u017edy pripraven\u00e1 mi be\u017ea\u0165 na pomoc. Ver\u00edm \u017ee aj p\u00f4sob\u00edm na niekoho ako kr\u00e1sna. Sna\u017e\u00edm sa tak spr\u00e1va\u0165 k svojmu okoliu. Okolie ma potom odme\u0148uje l\u00e1skou a porozumen\u00edm. Ni\u010d nie je treba preh\u00e1\u0148a\u0165 ! Ani vytv\u00e1ran\u00edm univerz\u00e1lneho poh\u013eadu na vysn\u00edvan\u00fa postavu. Slab\u0161\u00edm povah\u00e1m to naopak m\u00f4\u017ee navodi\u0165 r\u00f4zne psychick\u00e9 probl\u00e9my a\u017e choroby: anorexiu, bul\u00edmiu. Treba ma\u0165 svoje telo r\u00e1d. Ale pozor v\u00e1\u017een\u00ed- ne\u017eijeme preto aby sme jedli, ale jeme preto aby sme \u017eili. Ak sa t\u00fdmto budeme riadi\u0165, potom sa budeme aj fyzicky aj psychicky c\u00edti\u0165 v\u00fdborne- kr\u00e1sne. \u017de nem\u00e1me presn\u00e9 miery modeliek- ber to \u010dert ! Ani v\u0161etci mu\u017ei nemaj\u00fa v\u00fdzor ob\u013e\u00faben\u00e9ho herca a predsa ich m\u00e1me radi-  Majme sa radi tak\u00ed, ak\u00ed sme- to je to najv\u00e4\u010d\u0161ie \u017eivotn\u00e9 \u0161\u0165astie. Ke\u010f sa budeme c\u00edti\u0165 \u0161\u0165astn\u00fdmi- kr\u00e1sa z n\u00e1s bude len tak sr\u0161a\u0165. Urobme nie\u010do pre in\u00fdch- nie\u010do \u010do nemus\u00edme, ale chceme a hne\u010f sa v ich o\u010diach budeme javi\u0165 kraj\u0161ie. Aj tv\u00e1r s vr\u00e1skami okolo o\u010d\u00ed a okolo \u00fast od \u00fasmevu vie by\u0165 kr\u00e1sna. Kr\u00e1sa nepatr\u00ed \u017eiadnemu veku.                                                                                                                                                                                                                                                                                                                                                                                         3.7\/5 - (6 votes)        "},{"@context":"https:\/\/schema.org\/","@type":"BreadcrumbList","itemListElement":[{"@type":"ListItem","position":1,"name":"Vysn\u00edvan\u00e1 postava, vysn\u00edvan\u00fd \u017eivot","item":"https:\/\/www.decus.sk\/vysnivana-postava-vysnivany-zivot\/#breadcrumbitem"}]}]